{"id":3203,"date":"2023-08-09T18:00:00","date_gmt":"2023-08-09T16:00:00","guid":{"rendered":"https:\/\/pro-k-pt.de\/pro-k-at-hk-and-si-2023-in-cologne\/"},"modified":"2023-08-09T18:03:03","modified_gmt":"2023-08-09T16:03:03","slug":"pro-k-at-hk-and-si-2023-in-cologne","status":"publish","type":"post","link":"https:\/\/pro-k-pt.de\/en\/pro-k-at-hk-and-si-2023-in-cologne\/","title":{"rendered":"Pro-K at HK and SI 2023 in Cologne"},"content":{"rendered":"<p>[et_pb_section fb_built=&#8221;1&#8243; _builder_version=&#8221;3.22&#8243;][et_pb_row _builder_version=&#8221;4.2.2&#8243; background_size=&#8221;initial&#8221; background_position=&#8221;top_left&#8221; background_repeat=&#8221;repeat&#8221;][et_pb_column type=&#8221;4_4&#8243; _builder_version=&#8221;3.25&#8243; custom_padding=&#8221;|||&#8221; custom_padding__hover=&#8221;|||&#8221;][et_pb_text _builder_version=&#8221;4.2.2&#8243; background_size=&#8221;initial&#8221; background_position=&#8221;top_left&#8221; background_repeat=&#8221;repeat&#8221; custom_padding=&#8221;0px|||||&#8221; hover_enabled=&#8221;0&#8243;]<\/p>\n<h2>AT STAND F-038 WE PRESENT:<\/h2>\n<p>\u2013 The fully automatic hardness testing machine Pro-Genius with zoom and sample camera<\/p>\n<p>\u2013 The new hardness testing software Pro-Command including data bank software and network solution, developed by Pro-K<\/p>\n<p>\u2013 Modernizations and upgrades for micro, macro and universal hardness testing machines in the versions single test, semi-automatic or fully automatic<\/p>\n<p>\u2013 Modernized machines Dia-Testor, KL4 and Ahotec<\/p>\n<p>We are looking forward to your visit!<\/p>\n<p>&nbsp;<\/p>\n<p>Of course you can also contact us\u00a0<a href=\"https:\/\/pro-k-pt.de\/en\/contact\/\">directly.<\/a>[\/et_pb_text][\/et_pb_column][\/et_pb_row][\/et_pb_section][et_pb_section fb_built=&#8221;1&#8243; _builder_version=&#8221;4.0.6&#8243;][et_pb_row _builder_version=&#8221;4.2.2&#8243;][et_pb_column type=&#8221;4_4&#8243; _builder_version=&#8221;4.0.6&#8243;][\/et_pb_column][\/et_pb_row][\/et_pb_section]<\/p>\n","protected":false},"excerpt":{"rendered":"<p>Visit us at the HK and SI 2023 in Cologne!<br \/>\nStand F-038 at Koelnmesse<\/p>\n","protected":false},"author":2,"featured_media":3198,"comment_status":"closed","ping_status":"closed","sticky":false,"template":"","format":"standard","meta":{"_et_pb_use_builder":"on","_et_pb_old_content":"","_et_gb_content_width":"","footnotes":""},"categories":[1],"tags":[],"class_list":["post-3203","post","type-post","status-publish","format-standard","has-post-thumbnail","hentry","category-unkategorisiert"],"yoast_head":"<!-- This site is optimized with the Yoast SEO plugin v27.5 - https:\/\/yoast.com\/product\/yoast-seo-wordpress\/ -->\n<title>Pro-K at HK and SI 2023 in Cologne - Pro K Pr\u00fcftechnik GmbH<\/title>\n<meta name=\"robots\" content=\"index, follow, max-snippet:-1, max-image-preview:large, max-video-preview:-1\" \/>\n<link rel=\"canonical\" href=\"https:\/\/pro-k-pt.de\/en\/pro-k-at-hk-and-si-2023-in-cologne\/\" \/>\n<meta property=\"og:locale\" content=\"en_US\" \/>\n<meta property=\"og:type\" content=\"article\" \/>\n<meta property=\"og:title\" content=\"Pro-K at HK and SI 2023 in Cologne - Pro K Pr\u00fcftechnik GmbH\" \/>\n<meta property=\"og:description\" content=\"Visit us at the HK and SI 2023 in Cologne! Stand F-038 at Koelnmesse\" \/>\n<meta property=\"og:url\" content=\"https:\/\/pro-k-pt.de\/en\/pro-k-at-hk-and-si-2023-in-cologne\/\" \/>\n<meta property=\"og:site_name\" content=\"Pro K Pr\u00fcftechnik GmbH\" \/>\n<meta property=\"article:published_time\" content=\"2023-08-09T16:00:00+00:00\" \/>\n<meta property=\"article:modified_time\" content=\"2023-08-09T16:03:03+00:00\" \/>\n<meta property=\"og:image\" content=\"https:\/\/pro-k-pt.de\/wp-content\/uploads\/2023\/08\/HP-News-Feed-HK-2023.png\" \/>\n\t<meta property=\"og:image:width\" content=\"800\" \/>\n\t<meta property=\"og:image:height\" content=\"350\" \/>\n\t<meta property=\"og:image:type\" content=\"image\/png\" \/>\n<meta name=\"author\" content=\"prok-admin\" \/>\n<meta name=\"twitter:card\" content=\"summary_large_image\" \/>\n<meta name=\"twitter:label1\" content=\"Written by\" \/>\n\t<meta name=\"twitter:data1\" content=\"prok-admin\" \/>\n\t<meta name=\"twitter:label2\" content=\"Est. reading time\" \/>\n\t<meta name=\"twitter:data2\" content=\"1 minute\" \/>\n<script type=\"application\/ld+json\" class=\"yoast-schema-graph\">{\"@context\":\"https:\\\/\\\/schema.org\",\"@graph\":[{\"@type\":\"Article\",\"@id\":\"https:\\\/\\\/pro-k-pt.de\\\/en\\\/pro-k-at-hk-and-si-2023-in-cologne\\\/#article\",\"isPartOf\":{\"@id\":\"https:\\\/\\\/pro-k-pt.de\\\/en\\\/pro-k-at-hk-and-si-2023-in-cologne\\\/\"},\"author\":{\"name\":\"prok-admin\",\"@id\":\"https:\\\/\\\/pro-k-pt.de\\\/en\\\/#\\\/schema\\\/person\\\/675fb2c5df1b4c05478fc1d26978890c\"},\"headline\":\"Pro-K at HK and SI 2023 in Cologne\",\"datePublished\":\"2023-08-09T16:00:00+00:00\",\"dateModified\":\"2023-08-09T16:03:03+00:00\",\"mainEntityOfPage\":{\"@id\":\"https:\\\/\\\/pro-k-pt.de\\\/en\\\/pro-k-at-hk-and-si-2023-in-cologne\\\/\"},\"wordCount\":174,\"publisher\":{\"@id\":\"https:\\\/\\\/pro-k-pt.de\\\/en\\\/#organization\"},\"image\":{\"@id\":\"https:\\\/\\\/pro-k-pt.de\\\/en\\\/pro-k-at-hk-and-si-2023-in-cologne\\\/#primaryimage\"},\"thumbnailUrl\":\"https:\\\/\\\/pro-k-pt.de\\\/wp-content\\\/uploads\\\/2023\\\/08\\\/HP-News-Feed-HK-2023.png\",\"articleSection\":[\"Unkategorisiert\"],\"inLanguage\":\"en-US\"},{\"@type\":\"WebPage\",\"@id\":\"https:\\\/\\\/pro-k-pt.de\\\/en\\\/pro-k-at-hk-and-si-2023-in-cologne\\\/\",\"url\":\"https:\\\/\\\/pro-k-pt.de\\\/en\\\/pro-k-at-hk-and-si-2023-in-cologne\\\/\",\"name\":\"Pro-K at HK and SI 2023 in Cologne - Pro K Pr\u00fcftechnik GmbH\",\"isPartOf\":{\"@id\":\"https:\\\/\\\/pro-k-pt.de\\\/en\\\/#website\"},\"primaryImageOfPage\":{\"@id\":\"https:\\\/\\\/pro-k-pt.de\\\/en\\\/pro-k-at-hk-and-si-2023-in-cologne\\\/#primaryimage\"},\"image\":{\"@id\":\"https:\\\/\\\/pro-k-pt.de\\\/en\\\/pro-k-at-hk-and-si-2023-in-cologne\\\/#primaryimage\"},\"thumbnailUrl\":\"https:\\\/\\\/pro-k-pt.de\\\/wp-content\\\/uploads\\\/2023\\\/08\\\/HP-News-Feed-HK-2023.png\",\"datePublished\":\"2023-08-09T16:00:00+00:00\",\"dateModified\":\"2023-08-09T16:03:03+00:00\",\"breadcrumb\":{\"@id\":\"https:\\\/\\\/pro-k-pt.de\\\/en\\\/pro-k-at-hk-and-si-2023-in-cologne\\\/#breadcrumb\"},\"inLanguage\":\"en-US\",\"potentialAction\":[{\"@type\":\"ReadAction\",\"target\":[\"https:\\\/\\\/pro-k-pt.de\\\/en\\\/pro-k-at-hk-and-si-2023-in-cologne\\\/\"]}]},{\"@type\":\"ImageObject\",\"inLanguage\":\"en-US\",\"@id\":\"https:\\\/\\\/pro-k-pt.de\\\/en\\\/pro-k-at-hk-and-si-2023-in-cologne\\\/#primaryimage\",\"url\":\"https:\\\/\\\/pro-k-pt.de\\\/wp-content\\\/uploads\\\/2023\\\/08\\\/HP-News-Feed-HK-2023.png\",\"contentUrl\":\"https:\\\/\\\/pro-k-pt.de\\\/wp-content\\\/uploads\\\/2023\\\/08\\\/HP-News-Feed-HK-2023.png\",\"width\":800,\"height\":350},{\"@type\":\"BreadcrumbList\",\"@id\":\"https:\\\/\\\/pro-k-pt.de\\\/en\\\/pro-k-at-hk-and-si-2023-in-cologne\\\/#breadcrumb\",\"itemListElement\":[{\"@type\":\"ListItem\",\"position\":1,\"name\":\"Startseite\",\"item\":\"https:\\\/\\\/pro-k-pt.de\\\/en\\\/\"},{\"@type\":\"ListItem\",\"position\":2,\"name\":\"Pro-K at HK and SI 2023 in Cologne\"}]},{\"@type\":\"WebSite\",\"@id\":\"https:\\\/\\\/pro-k-pt.de\\\/en\\\/#website\",\"url\":\"https:\\\/\\\/pro-k-pt.de\\\/en\\\/\",\"name\":\"Pro K Pr\u00fcftechnik GmbH\",\"description\":\"H\u00e4rtepr\u00fcfung &amp; Modernisierung\",\"publisher\":{\"@id\":\"https:\\\/\\\/pro-k-pt.de\\\/en\\\/#organization\"},\"potentialAction\":[{\"@type\":\"SearchAction\",\"target\":{\"@type\":\"EntryPoint\",\"urlTemplate\":\"https:\\\/\\\/pro-k-pt.de\\\/en\\\/?s={search_term_string}\"},\"query-input\":{\"@type\":\"PropertyValueSpecification\",\"valueRequired\":true,\"valueName\":\"search_term_string\"}}],\"inLanguage\":\"en-US\"},{\"@type\":\"Organization\",\"@id\":\"https:\\\/\\\/pro-k-pt.de\\\/en\\\/#organization\",\"name\":\"Pro-K Pr\u00fcftechnik GmbH\",\"url\":\"https:\\\/\\\/pro-k-pt.de\\\/en\\\/\",\"logo\":{\"@type\":\"ImageObject\",\"inLanguage\":\"en-US\",\"@id\":\"https:\\\/\\\/pro-k-pt.de\\\/en\\\/#\\\/schema\\\/logo\\\/image\\\/\",\"url\":\"https:\\\/\\\/pro-k-pt.de\\\/wp-content\\\/uploads\\\/2019\\\/11\\\/logo-pro-k-prueftechnik.png\",\"contentUrl\":\"https:\\\/\\\/pro-k-pt.de\\\/wp-content\\\/uploads\\\/2019\\\/11\\\/logo-pro-k-prueftechnik.png\",\"width\":350,\"height\":122,\"caption\":\"Pro-K Pr\u00fcftechnik GmbH\"},\"image\":{\"@id\":\"https:\\\/\\\/pro-k-pt.de\\\/en\\\/#\\\/schema\\\/logo\\\/image\\\/\"}},{\"@type\":\"Person\",\"@id\":\"https:\\\/\\\/pro-k-pt.de\\\/en\\\/#\\\/schema\\\/person\\\/675fb2c5df1b4c05478fc1d26978890c\",\"name\":\"prok-admin\"}]}<\/script>\n<!-- \/ Yoast SEO plugin. -->","yoast_head_json":{"title":"Pro-K at HK and SI 2023 in Cologne - Pro K Pr\u00fcftechnik GmbH","robots":{"index":"index","follow":"follow","max-snippet":"max-snippet:-1","max-image-preview":"max-image-preview:large","max-video-preview":"max-video-preview:-1"},"canonical":"https:\/\/pro-k-pt.de\/en\/pro-k-at-hk-and-si-2023-in-cologne\/","og_locale":"en_US","og_type":"article","og_title":"Pro-K at HK and SI 2023 in Cologne - Pro K Pr\u00fcftechnik GmbH","og_description":"Visit us at the HK and SI 2023 in Cologne! Stand F-038 at Koelnmesse","og_url":"https:\/\/pro-k-pt.de\/en\/pro-k-at-hk-and-si-2023-in-cologne\/","og_site_name":"Pro K Pr\u00fcftechnik GmbH","article_published_time":"2023-08-09T16:00:00+00:00","article_modified_time":"2023-08-09T16:03:03+00:00","og_image":[{"width":800,"height":350,"url":"https:\/\/pro-k-pt.de\/wp-content\/uploads\/2023\/08\/HP-News-Feed-HK-2023.png","type":"image\/png"}],"author":"prok-admin","twitter_card":"summary_large_image","twitter_misc":{"Written by":"prok-admin","Est. reading time":"1 minute"},"schema":{"@context":"https:\/\/schema.org","@graph":[{"@type":"Article","@id":"https:\/\/pro-k-pt.de\/en\/pro-k-at-hk-and-si-2023-in-cologne\/#article","isPartOf":{"@id":"https:\/\/pro-k-pt.de\/en\/pro-k-at-hk-and-si-2023-in-cologne\/"},"author":{"name":"prok-admin","@id":"https:\/\/pro-k-pt.de\/en\/#\/schema\/person\/675fb2c5df1b4c05478fc1d26978890c"},"headline":"Pro-K at HK and SI 2023 in Cologne","datePublished":"2023-08-09T16:00:00+00:00","dateModified":"2023-08-09T16:03:03+00:00","mainEntityOfPage":{"@id":"https:\/\/pro-k-pt.de\/en\/pro-k-at-hk-and-si-2023-in-cologne\/"},"wordCount":174,"publisher":{"@id":"https:\/\/pro-k-pt.de\/en\/#organization"},"image":{"@id":"https:\/\/pro-k-pt.de\/en\/pro-k-at-hk-and-si-2023-in-cologne\/#primaryimage"},"thumbnailUrl":"https:\/\/pro-k-pt.de\/wp-content\/uploads\/2023\/08\/HP-News-Feed-HK-2023.png","articleSection":["Unkategorisiert"],"inLanguage":"en-US"},{"@type":"WebPage","@id":"https:\/\/pro-k-pt.de\/en\/pro-k-at-hk-and-si-2023-in-cologne\/","url":"https:\/\/pro-k-pt.de\/en\/pro-k-at-hk-and-si-2023-in-cologne\/","name":"Pro-K at HK and SI 2023 in Cologne - Pro K Pr\u00fcftechnik GmbH","isPartOf":{"@id":"https:\/\/pro-k-pt.de\/en\/#website"},"primaryImageOfPage":{"@id":"https:\/\/pro-k-pt.de\/en\/pro-k-at-hk-and-si-2023-in-cologne\/#primaryimage"},"image":{"@id":"https:\/\/pro-k-pt.de\/en\/pro-k-at-hk-and-si-2023-in-cologne\/#primaryimage"},"thumbnailUrl":"https:\/\/pro-k-pt.de\/wp-content\/uploads\/2023\/08\/HP-News-Feed-HK-2023.png","datePublished":"2023-08-09T16:00:00+00:00","dateModified":"2023-08-09T16:03:03+00:00","breadcrumb":{"@id":"https:\/\/pro-k-pt.de\/en\/pro-k-at-hk-and-si-2023-in-cologne\/#breadcrumb"},"inLanguage":"en-US","potentialAction":[{"@type":"ReadAction","target":["https:\/\/pro-k-pt.de\/en\/pro-k-at-hk-and-si-2023-in-cologne\/"]}]},{"@type":"ImageObject","inLanguage":"en-US","@id":"https:\/\/pro-k-pt.de\/en\/pro-k-at-hk-and-si-2023-in-cologne\/#primaryimage","url":"https:\/\/pro-k-pt.de\/wp-content\/uploads\/2023\/08\/HP-News-Feed-HK-2023.png","contentUrl":"https:\/\/pro-k-pt.de\/wp-content\/uploads\/2023\/08\/HP-News-Feed-HK-2023.png","width":800,"height":350},{"@type":"BreadcrumbList","@id":"https:\/\/pro-k-pt.de\/en\/pro-k-at-hk-and-si-2023-in-cologne\/#breadcrumb","itemListElement":[{"@type":"ListItem","position":1,"name":"Startseite","item":"https:\/\/pro-k-pt.de\/en\/"},{"@type":"ListItem","position":2,"name":"Pro-K at HK and SI 2023 in Cologne"}]},{"@type":"WebSite","@id":"https:\/\/pro-k-pt.de\/en\/#website","url":"https:\/\/pro-k-pt.de\/en\/","name":"Pro K Pr\u00fcftechnik GmbH","description":"H\u00e4rtepr\u00fcfung &amp; Modernisierung","publisher":{"@id":"https:\/\/pro-k-pt.de\/en\/#organization"},"potentialAction":[{"@type":"SearchAction","target":{"@type":"EntryPoint","urlTemplate":"https:\/\/pro-k-pt.de\/en\/?s={search_term_string}"},"query-input":{"@type":"PropertyValueSpecification","valueRequired":true,"valueName":"search_term_string"}}],"inLanguage":"en-US"},{"@type":"Organization","@id":"https:\/\/pro-k-pt.de\/en\/#organization","name":"Pro-K Pr\u00fcftechnik GmbH","url":"https:\/\/pro-k-pt.de\/en\/","logo":{"@type":"ImageObject","inLanguage":"en-US","@id":"https:\/\/pro-k-pt.de\/en\/#\/schema\/logo\/image\/","url":"https:\/\/pro-k-pt.de\/wp-content\/uploads\/2019\/11\/logo-pro-k-prueftechnik.png","contentUrl":"https:\/\/pro-k-pt.de\/wp-content\/uploads\/2019\/11\/logo-pro-k-prueftechnik.png","width":350,"height":122,"caption":"Pro-K Pr\u00fcftechnik GmbH"},"image":{"@id":"https:\/\/pro-k-pt.de\/en\/#\/schema\/logo\/image\/"}},{"@type":"Person","@id":"https:\/\/pro-k-pt.de\/en\/#\/schema\/person\/675fb2c5df1b4c05478fc1d26978890c","name":"prok-admin"}]}},"_links":{"self":[{"href":"https:\/\/pro-k-pt.de\/en\/wp-json\/wp\/v2\/posts\/3203","targetHints":{"allow":["GET"]}}],"collection":[{"href":"https:\/\/pro-k-pt.de\/en\/wp-json\/wp\/v2\/posts"}],"about":[{"href":"https:\/\/pro-k-pt.de\/en\/wp-json\/wp\/v2\/types\/post"}],"author":[{"embeddable":true,"href":"https:\/\/pro-k-pt.de\/en\/wp-json\/wp\/v2\/users\/2"}],"replies":[{"embeddable":true,"href":"https:\/\/pro-k-pt.de\/en\/wp-json\/wp\/v2\/comments?post=3203"}],"version-history":[{"count":8,"href":"https:\/\/pro-k-pt.de\/en\/wp-json\/wp\/v2\/posts\/3203\/revisions"}],"predecessor-version":[{"id":3212,"href":"https:\/\/pro-k-pt.de\/en\/wp-json\/wp\/v2\/posts\/3203\/revisions\/3212"}],"wp:featuredmedia":[{"embeddable":true,"href":"https:\/\/pro-k-pt.de\/en\/wp-json\/wp\/v2\/media\/3198"}],"wp:attachment":[{"href":"https:\/\/pro-k-pt.de\/en\/wp-json\/wp\/v2\/media?parent=3203"}],"wp:term":[{"taxonomy":"category","embeddable":true,"href":"https:\/\/pro-k-pt.de\/en\/wp-json\/wp\/v2\/categories?post=3203"},{"taxonomy":"post_tag","embeddable":true,"href":"https:\/\/pro-k-pt.de\/en\/wp-json\/wp\/v2\/tags?post=3203"}],"curies":[{"name":"wp","href":"https:\/\/api.w.org\/{rel}","templated":true}]}}