{"id":1580,"date":"2020-05-08T01:10:17","date_gmt":"2020-05-07T23:10:17","guid":{"rendered":"https:\/\/pro-k-pt.de\/?p=1580"},"modified":"2020-05-07T19:27:54","modified_gmt":"2020-05-07T17:27:54","slug":"4th-exhibition-day","status":"publish","type":"post","link":"https:\/\/pro-k-pt.de\/en\/4th-exhibition-day\/","title":{"rendered":"4th Exhibition Day"},"content":{"rendered":"<p>[et_pb_section fb_built=&#8221;1&#8243; _builder_version=&#8221;3.22&#8243;][et_pb_row _builder_version=&#8221;3.25&#8243; background_size=&#8221;initial&#8221; background_position=&#8221;top_left&#8221; background_repeat=&#8221;repeat&#8221;][et_pb_column type=&#8221;4_4&#8243; _builder_version=&#8221;3.25&#8243; custom_padding=&#8221;|||&#8221; custom_padding__hover=&#8221;|||&#8221;][et_pb_text _builder_version=&#8221;4.2.2&#8243; background_size=&#8221;initial&#8221; background_position=&#8221;top_left&#8221; background_repeat=&#8221;repeat&#8221; hover_enabled=&#8221;0&#8243;]<\/p>\n<h2>Fast-Lane<\/h2>\n<p>Adjust the user interface to your application!<\/p>\n<p>Switch between the screens with one click for optimal use of the software in every situation.<\/p>\n<div style=\"width: 1080px;\" class=\"wp-video\"><video class=\"wp-video-shortcode\" id=\"video-1580-1\" width=\"1080\" height=\"608\" preload=\"metadata\" controls=\"controls\"><source type=\"video\/mp4\" src=\"https:\/\/pro-k-pt.de\/wp-content\/uploads\/2019\/12\/Fast-Lane-Kurzeinf\u00fchrung-1080.mp4?_=1\" \/><a href=\"https:\/\/pro-k-pt.de\/wp-content\/uploads\/2019\/12\/Fast-Lane-Kurzeinf\u00fchrung-1080.mp4\">https:\/\/pro-k-pt.de\/wp-content\/uploads\/2019\/12\/Fast-Lane-Kurzeinf\u00fchrung-1080.mp4<\/a><\/video><\/div>\n<h2>\u00a0<\/h2>\n<h2>\u00a0<\/h2>\n<h2>\u00a0<\/h2>\n<h2>Simple Hardness Testing<\/h2>\n<p>Everybody can perform a hardness test quickly and easily, even if the user is not familiar with the Pro-Command interface and the function.<\/p>\n<p>The software can memorize to open the Fast-Lane immediately after the user registration. This eliminates unnecessary and time-consuming steps for the manual switch.<\/p>\n<p>&nbsp;<\/p>\n<h2>Intuitive Operation<\/h2>\n<p>Contrary to the normal operation of the fully automatic software neither a test order nor a test procedure has to be defined in the Fast-Lane.<\/p>\n<p>The user simply selects the desired test force and starts the test. No instruction on the software user interface is necessary for this.<\/p>\n<p>&nbsp;<\/p>\n<h2>Coming up next&#8230;<\/h2>\n<p>Our fully automatic low-load hardness testing machine Pro-Genius!<\/p>\n<p><img loading=\"lazy\" decoding=\"async\" class=\"wp-image-1593 alignnone size-full\" src=\"https:\/\/pro-k-pt.de\/wp-content\/uploads\/2019\/12\/Pro-Genius-nf.png\" alt=\"\" width=\"800\" height=\"360\" srcset=\"https:\/\/pro-k-pt.de\/wp-content\/uploads\/2019\/12\/Pro-Genius-nf.png 800w, https:\/\/pro-k-pt.de\/wp-content\/uploads\/2019\/12\/Pro-Genius-nf-480x216.png 480w\" sizes=\"(min-width: 0px) and (max-width: 480px) 480px, (min-width: 481px) 800px, 100vw\" \/><\/p>\n<p>[\/et_pb_text][\/et_pb_column][\/et_pb_row][\/et_pb_section][et_pb_section fb_built=&#8221;1&#8243; _builder_version=&#8221;4.0.6&#8243;][et_pb_row _builder_version=&#8221;4.0.6&#8243;][et_pb_column type=&#8221;4_4&#8243; _builder_version=&#8221;4.0.6&#8243;][\/et_pb_column][\/et_pb_row][\/et_pb_section]<\/p>\n","protected":false},"excerpt":{"rendered":"<p>Check out the new Fast-Lane mode!<\/p>\n","protected":false},"author":2,"featured_media":1607,"comment_status":"closed","ping_status":"closed","sticky":false,"template":"","format":"standard","meta":{"_et_pb_use_builder":"on","_et_pb_old_content":"<p>[et_pb_section fb_built=\"1\" _builder_version=\"3.22\"][et_pb_row _builder_version=\"3.25\" background_size=\"initial\" background_position=\"top_left\" background_repeat=\"repeat\"][et_pb_column type=\"4_4\" _builder_version=\"3.25\" custom_padding=\"|||\" custom_padding__hover=\"|||\"][et_pb_text _builder_version=\"4.2.2\" background_size=\"initial\" background_position=\"top_left\" background_repeat=\"repeat\" hover_enabled=\"0\"]<\/p><h2>Fast-Lane<\/h2><p>Passen Sie die Benutzerfl\u00e4che Ihrer Anwendung an!<\/p><p>Wechseln Sie mit einem Klick zwischen den Ansichten f\u00fcr die optimale Nutzung der Software in jeder Gegebenheit<\/p><h2>\u00a0<\/h2><h2>Einfache H\u00e4rtepr\u00fcfung<\/h2><p>Auch wenn der Anwender nicht mit der Pro-Command Oberfl\u00e4che und den Funktionen vertraut ist, kann er schnell und einfach pr\u00fcfen.<\/p><p>Im Benutzer kann hinterlegt werden, dass der Fast-Lane-Modus direkt aktiviert ist. Somit bleiben unn\u00f6tige und aufwendige Schritte f\u00fcr die Umstellung aus.<\/p><p>\u00a0<\/p><h2>Intuitive Bedienung<\/h2><p>Entgegen der normalen Bedienung der vollautomatischen Software, muss in der Fast-Lane weder ein Pr\u00fcfauftrag, noch ein Verfahren festgelegt werden.<\/p><p>Der Anwender w\u00e4hlt lediglich die gew\u00fcnschte Pr\u00fcfkraft aus und startet die Pr\u00fcfung. Hierzu ist keine Einweisung an der Software notwendig.<\/p><p>\u00a0<\/p><h2>\u00a0<\/h2><p>[\/et_pb_text][\/et_pb_column][\/et_pb_row][\/et_pb_section][et_pb_section fb_built=\"1\" _builder_version=\"4.0.6\"][et_pb_row _builder_version=\"4.0.6\"][et_pb_column type=\"4_4\" _builder_version=\"4.0.6\"][\/et_pb_column][\/et_pb_row][\/et_pb_section]<\/p>","_et_gb_content_width":"","footnotes":""},"categories":[4],"tags":[],"class_list":["post-1580","post","type-post","status-publish","format-standard","has-post-thumbnail","hentry","category-uncategorized"],"yoast_head":"<!-- This site is optimized with the Yoast SEO plugin v27.5 - https:\/\/yoast.com\/product\/yoast-seo-wordpress\/ -->\n<title>4th Exhibition Day - Pro K Pr\u00fcftechnik GmbH<\/title>\n<meta name=\"robots\" content=\"index, follow, max-snippet:-1, max-image-preview:large, max-video-preview:-1\" \/>\n<link rel=\"canonical\" href=\"https:\/\/pro-k-pt.de\/en\/4th-exhibition-day\/\" \/>\n<meta property=\"og:locale\" content=\"en_US\" \/>\n<meta property=\"og:type\" content=\"article\" \/>\n<meta property=\"og:title\" content=\"4th Exhibition Day - Pro K Pr\u00fcftechnik GmbH\" \/>\n<meta property=\"og:description\" content=\"Check out the new Fast-Lane mode!\" \/>\n<meta property=\"og:url\" content=\"https:\/\/pro-k-pt.de\/en\/4th-exhibition-day\/\" \/>\n<meta property=\"og:site_name\" content=\"Pro K Pr\u00fcftechnik GmbH\" \/>\n<meta property=\"article:published_time\" content=\"2020-05-07T23:10:17+00:00\" \/>\n<meta property=\"og:image\" content=\"https:\/\/pro-k-pt.de\/wp-content\/uploads\/2019\/12\/fastlane_en.png\" \/>\n\t<meta property=\"og:image:width\" content=\"800\" \/>\n\t<meta property=\"og:image:height\" content=\"360\" \/>\n\t<meta property=\"og:image:type\" content=\"image\/png\" \/>\n<meta name=\"author\" content=\"prok-admin\" \/>\n<meta name=\"twitter:card\" content=\"summary_large_image\" \/>\n<meta name=\"twitter:label1\" content=\"Written by\" \/>\n\t<meta name=\"twitter:data1\" content=\"prok-admin\" \/>\n\t<meta name=\"twitter:label2\" content=\"Est. reading time\" \/>\n\t<meta name=\"twitter:data2\" content=\"1 minute\" \/>\n<script type=\"application\/ld+json\" class=\"yoast-schema-graph\">{\"@context\":\"https:\\\/\\\/schema.org\",\"@graph\":[{\"@type\":\"Article\",\"@id\":\"https:\\\/\\\/pro-k-pt.de\\\/en\\\/4th-exhibition-day\\\/#article\",\"isPartOf\":{\"@id\":\"https:\\\/\\\/pro-k-pt.de\\\/en\\\/4th-exhibition-day\\\/\"},\"author\":{\"name\":\"prok-admin\",\"@id\":\"https:\\\/\\\/pro-k-pt.de\\\/en\\\/#\\\/schema\\\/person\\\/675fb2c5df1b4c05478fc1d26978890c\"},\"headline\":\"4th Exhibition Day\",\"datePublished\":\"2020-05-07T23:10:17+00:00\",\"mainEntityOfPage\":{\"@id\":\"https:\\\/\\\/pro-k-pt.de\\\/en\\\/4th-exhibition-day\\\/\"},\"wordCount\":241,\"publisher\":{\"@id\":\"https:\\\/\\\/pro-k-pt.de\\\/en\\\/#organization\"},\"image\":{\"@id\":\"https:\\\/\\\/pro-k-pt.de\\\/en\\\/4th-exhibition-day\\\/#primaryimage\"},\"thumbnailUrl\":\"https:\\\/\\\/pro-k-pt.de\\\/wp-content\\\/uploads\\\/2019\\\/12\\\/fastlane_en.png\",\"inLanguage\":\"en-US\"},{\"@type\":\"WebPage\",\"@id\":\"https:\\\/\\\/pro-k-pt.de\\\/en\\\/4th-exhibition-day\\\/\",\"url\":\"https:\\\/\\\/pro-k-pt.de\\\/en\\\/4th-exhibition-day\\\/\",\"name\":\"4th Exhibition Day - Pro K Pr\u00fcftechnik GmbH\",\"isPartOf\":{\"@id\":\"https:\\\/\\\/pro-k-pt.de\\\/en\\\/#website\"},\"primaryImageOfPage\":{\"@id\":\"https:\\\/\\\/pro-k-pt.de\\\/en\\\/4th-exhibition-day\\\/#primaryimage\"},\"image\":{\"@id\":\"https:\\\/\\\/pro-k-pt.de\\\/en\\\/4th-exhibition-day\\\/#primaryimage\"},\"thumbnailUrl\":\"https:\\\/\\\/pro-k-pt.de\\\/wp-content\\\/uploads\\\/2019\\\/12\\\/fastlane_en.png\",\"datePublished\":\"2020-05-07T23:10:17+00:00\",\"breadcrumb\":{\"@id\":\"https:\\\/\\\/pro-k-pt.de\\\/en\\\/4th-exhibition-day\\\/#breadcrumb\"},\"inLanguage\":\"en-US\",\"potentialAction\":[{\"@type\":\"ReadAction\",\"target\":[\"https:\\\/\\\/pro-k-pt.de\\\/en\\\/4th-exhibition-day\\\/\"]}]},{\"@type\":\"ImageObject\",\"inLanguage\":\"en-US\",\"@id\":\"https:\\\/\\\/pro-k-pt.de\\\/en\\\/4th-exhibition-day\\\/#primaryimage\",\"url\":\"https:\\\/\\\/pro-k-pt.de\\\/wp-content\\\/uploads\\\/2019\\\/12\\\/fastlane_en.png\",\"contentUrl\":\"https:\\\/\\\/pro-k-pt.de\\\/wp-content\\\/uploads\\\/2019\\\/12\\\/fastlane_en.png\",\"width\":800,\"height\":360},{\"@type\":\"BreadcrumbList\",\"@id\":\"https:\\\/\\\/pro-k-pt.de\\\/en\\\/4th-exhibition-day\\\/#breadcrumb\",\"itemListElement\":[{\"@type\":\"ListItem\",\"position\":1,\"name\":\"Startseite\",\"item\":\"https:\\\/\\\/pro-k-pt.de\\\/en\\\/\"},{\"@type\":\"ListItem\",\"position\":2,\"name\":\"4th Exhibition Day\"}]},{\"@type\":\"WebSite\",\"@id\":\"https:\\\/\\\/pro-k-pt.de\\\/en\\\/#website\",\"url\":\"https:\\\/\\\/pro-k-pt.de\\\/en\\\/\",\"name\":\"Pro K Pr\u00fcftechnik GmbH\",\"description\":\"H\u00e4rtepr\u00fcfung &amp; Modernisierung\",\"publisher\":{\"@id\":\"https:\\\/\\\/pro-k-pt.de\\\/en\\\/#organization\"},\"potentialAction\":[{\"@type\":\"SearchAction\",\"target\":{\"@type\":\"EntryPoint\",\"urlTemplate\":\"https:\\\/\\\/pro-k-pt.de\\\/en\\\/?s={search_term_string}\"},\"query-input\":{\"@type\":\"PropertyValueSpecification\",\"valueRequired\":true,\"valueName\":\"search_term_string\"}}],\"inLanguage\":\"en-US\"},{\"@type\":\"Organization\",\"@id\":\"https:\\\/\\\/pro-k-pt.de\\\/en\\\/#organization\",\"name\":\"Pro-K Pr\u00fcftechnik GmbH\",\"url\":\"https:\\\/\\\/pro-k-pt.de\\\/en\\\/\",\"logo\":{\"@type\":\"ImageObject\",\"inLanguage\":\"en-US\",\"@id\":\"https:\\\/\\\/pro-k-pt.de\\\/en\\\/#\\\/schema\\\/logo\\\/image\\\/\",\"url\":\"https:\\\/\\\/pro-k-pt.de\\\/wp-content\\\/uploads\\\/2019\\\/11\\\/logo-pro-k-prueftechnik.png\",\"contentUrl\":\"https:\\\/\\\/pro-k-pt.de\\\/wp-content\\\/uploads\\\/2019\\\/11\\\/logo-pro-k-prueftechnik.png\",\"width\":350,\"height\":122,\"caption\":\"Pro-K Pr\u00fcftechnik GmbH\"},\"image\":{\"@id\":\"https:\\\/\\\/pro-k-pt.de\\\/en\\\/#\\\/schema\\\/logo\\\/image\\\/\"}},{\"@type\":\"Person\",\"@id\":\"https:\\\/\\\/pro-k-pt.de\\\/en\\\/#\\\/schema\\\/person\\\/675fb2c5df1b4c05478fc1d26978890c\",\"name\":\"prok-admin\"}]}<\/script>\n<!-- \/ Yoast SEO plugin. -->","yoast_head_json":{"title":"4th Exhibition Day - Pro K Pr\u00fcftechnik GmbH","robots":{"index":"index","follow":"follow","max-snippet":"max-snippet:-1","max-image-preview":"max-image-preview:large","max-video-preview":"max-video-preview:-1"},"canonical":"https:\/\/pro-k-pt.de\/en\/4th-exhibition-day\/","og_locale":"en_US","og_type":"article","og_title":"4th Exhibition Day - Pro K Pr\u00fcftechnik GmbH","og_description":"Check out the new Fast-Lane mode!","og_url":"https:\/\/pro-k-pt.de\/en\/4th-exhibition-day\/","og_site_name":"Pro K Pr\u00fcftechnik GmbH","article_published_time":"2020-05-07T23:10:17+00:00","og_image":[{"width":800,"height":360,"url":"https:\/\/pro-k-pt.de\/wp-content\/uploads\/2019\/12\/fastlane_en.png","type":"image\/png"}],"author":"prok-admin","twitter_card":"summary_large_image","twitter_misc":{"Written by":"prok-admin","Est. reading time":"1 minute"},"schema":{"@context":"https:\/\/schema.org","@graph":[{"@type":"Article","@id":"https:\/\/pro-k-pt.de\/en\/4th-exhibition-day\/#article","isPartOf":{"@id":"https:\/\/pro-k-pt.de\/en\/4th-exhibition-day\/"},"author":{"name":"prok-admin","@id":"https:\/\/pro-k-pt.de\/en\/#\/schema\/person\/675fb2c5df1b4c05478fc1d26978890c"},"headline":"4th Exhibition Day","datePublished":"2020-05-07T23:10:17+00:00","mainEntityOfPage":{"@id":"https:\/\/pro-k-pt.de\/en\/4th-exhibition-day\/"},"wordCount":241,"publisher":{"@id":"https:\/\/pro-k-pt.de\/en\/#organization"},"image":{"@id":"https:\/\/pro-k-pt.de\/en\/4th-exhibition-day\/#primaryimage"},"thumbnailUrl":"https:\/\/pro-k-pt.de\/wp-content\/uploads\/2019\/12\/fastlane_en.png","inLanguage":"en-US"},{"@type":"WebPage","@id":"https:\/\/pro-k-pt.de\/en\/4th-exhibition-day\/","url":"https:\/\/pro-k-pt.de\/en\/4th-exhibition-day\/","name":"4th Exhibition Day - Pro K Pr\u00fcftechnik GmbH","isPartOf":{"@id":"https:\/\/pro-k-pt.de\/en\/#website"},"primaryImageOfPage":{"@id":"https:\/\/pro-k-pt.de\/en\/4th-exhibition-day\/#primaryimage"},"image":{"@id":"https:\/\/pro-k-pt.de\/en\/4th-exhibition-day\/#primaryimage"},"thumbnailUrl":"https:\/\/pro-k-pt.de\/wp-content\/uploads\/2019\/12\/fastlane_en.png","datePublished":"2020-05-07T23:10:17+00:00","breadcrumb":{"@id":"https:\/\/pro-k-pt.de\/en\/4th-exhibition-day\/#breadcrumb"},"inLanguage":"en-US","potentialAction":[{"@type":"ReadAction","target":["https:\/\/pro-k-pt.de\/en\/4th-exhibition-day\/"]}]},{"@type":"ImageObject","inLanguage":"en-US","@id":"https:\/\/pro-k-pt.de\/en\/4th-exhibition-day\/#primaryimage","url":"https:\/\/pro-k-pt.de\/wp-content\/uploads\/2019\/12\/fastlane_en.png","contentUrl":"https:\/\/pro-k-pt.de\/wp-content\/uploads\/2019\/12\/fastlane_en.png","width":800,"height":360},{"@type":"BreadcrumbList","@id":"https:\/\/pro-k-pt.de\/en\/4th-exhibition-day\/#breadcrumb","itemListElement":[{"@type":"ListItem","position":1,"name":"Startseite","item":"https:\/\/pro-k-pt.de\/en\/"},{"@type":"ListItem","position":2,"name":"4th Exhibition Day"}]},{"@type":"WebSite","@id":"https:\/\/pro-k-pt.de\/en\/#website","url":"https:\/\/pro-k-pt.de\/en\/","name":"Pro K Pr\u00fcftechnik GmbH","description":"H\u00e4rtepr\u00fcfung &amp; Modernisierung","publisher":{"@id":"https:\/\/pro-k-pt.de\/en\/#organization"},"potentialAction":[{"@type":"SearchAction","target":{"@type":"EntryPoint","urlTemplate":"https:\/\/pro-k-pt.de\/en\/?s={search_term_string}"},"query-input":{"@type":"PropertyValueSpecification","valueRequired":true,"valueName":"search_term_string"}}],"inLanguage":"en-US"},{"@type":"Organization","@id":"https:\/\/pro-k-pt.de\/en\/#organization","name":"Pro-K Pr\u00fcftechnik GmbH","url":"https:\/\/pro-k-pt.de\/en\/","logo":{"@type":"ImageObject","inLanguage":"en-US","@id":"https:\/\/pro-k-pt.de\/en\/#\/schema\/logo\/image\/","url":"https:\/\/pro-k-pt.de\/wp-content\/uploads\/2019\/11\/logo-pro-k-prueftechnik.png","contentUrl":"https:\/\/pro-k-pt.de\/wp-content\/uploads\/2019\/11\/logo-pro-k-prueftechnik.png","width":350,"height":122,"caption":"Pro-K Pr\u00fcftechnik GmbH"},"image":{"@id":"https:\/\/pro-k-pt.de\/en\/#\/schema\/logo\/image\/"}},{"@type":"Person","@id":"https:\/\/pro-k-pt.de\/en\/#\/schema\/person\/675fb2c5df1b4c05478fc1d26978890c","name":"prok-admin"}]}},"_links":{"self":[{"href":"https:\/\/pro-k-pt.de\/en\/wp-json\/wp\/v2\/posts\/1580","targetHints":{"allow":["GET"]}}],"collection":[{"href":"https:\/\/pro-k-pt.de\/en\/wp-json\/wp\/v2\/posts"}],"about":[{"href":"https:\/\/pro-k-pt.de\/en\/wp-json\/wp\/v2\/types\/post"}],"author":[{"embeddable":true,"href":"https:\/\/pro-k-pt.de\/en\/wp-json\/wp\/v2\/users\/2"}],"replies":[{"embeddable":true,"href":"https:\/\/pro-k-pt.de\/en\/wp-json\/wp\/v2\/comments?post=1580"}],"version-history":[{"count":9,"href":"https:\/\/pro-k-pt.de\/en\/wp-json\/wp\/v2\/posts\/1580\/revisions"}],"predecessor-version":[{"id":1619,"href":"https:\/\/pro-k-pt.de\/en\/wp-json\/wp\/v2\/posts\/1580\/revisions\/1619"}],"wp:featuredmedia":[{"embeddable":true,"href":"https:\/\/pro-k-pt.de\/en\/wp-json\/wp\/v2\/media\/1607"}],"wp:attachment":[{"href":"https:\/\/pro-k-pt.de\/en\/wp-json\/wp\/v2\/media?parent=1580"}],"wp:term":[{"taxonomy":"category","embeddable":true,"href":"https:\/\/pro-k-pt.de\/en\/wp-json\/wp\/v2\/categories?post=1580"},{"taxonomy":"post_tag","embeddable":true,"href":"https:\/\/pro-k-pt.de\/en\/wp-json\/wp\/v2\/tags?post=1580"}],"curies":[{"name":"wp","href":"https:\/\/api.w.org\/{rel}","templated":true}]}}